{"id":11669,"date":"2022-04-29T10:30:00","date_gmt":"2022-04-29T08:30:00","guid":{"rendered":"https:\/\/madrideasy.com\/blog\/?p=11669"},"modified":"2025-03-07T12:50:27","modified_gmt":"2025-03-07T11:50:27","slug":"celebra-el-dia-de-la-comunidad-de-madrid","status":"publish","type":"post","link":"https:\/\/madrideasy.com\/es\/blog\/celebra-el-dia-de-la-comunidad-de-madrid\/","title":{"rendered":"CELEBRA EL D\u00cdA DE LA COMUNIDAD DE MADRID"},"content":{"rendered":"<!--vcv no format--><!-- vcwb\/dynamicElementComment:8c1a222d -->\r\n<div class=\"vce-row-container\" data-vce-boxed-width=\"true\">\r\n<div id=\"el-8c1a222d\" class=\"vce-row vce-row--col-gap-30 vce-row-equal-height vce-row-content--top\" data-vce-do-apply=\"all el-8c1a222d\">\r\n<div class=\"vce-row-content\" data-vce-element-content=\"true\"><!-- vcwb\/dynamicElementComment:dde16c27 -->\r\n<div id=\"el-dde16c27\" class=\"vce-col vce-col--md-auto vce-col--xs-1 vce-col--xs-last vce-col--xs-first vce-col--sm-last vce-col--sm-first vce-col--md-last vce-col--lg-last vce-col--xl-last vce-col--md-first vce-col--lg-first vce-col--xl-first\">\r\n<div class=\"vce-col-inner\" data-vce-do-apply=\"border margin background  el-dde16c27\">\r\n<div class=\"vce-col-content\" data-vce-element-content=\"true\" data-vce-do-apply=\"padding el-dde16c27\"><!-- vcwb\/dynamicElementComment:275007d8 -->\r\n<div class=\"vce-text-block\">\r\n<div id=\"el-275007d8\" class=\"vce-text-block-wrapper vce\" data-vce-do-apply=\"all el-275007d8\">\r\n<div class=\"wp-block-image\">\r\n<figure class=\"aligncenter size-full\"><img decoding=\"async\" width=\"960\" height=\"640\" class=\"wp-image-11671\" src=\"https:\/\/madrideasy.com\/blog\/wp-content\/uploads\/2022\/04\/Dia-de-la-Comunidad-de-Madrid.png\" alt=\"D\u00eda de la Comunidad de Madrid\" srcset=\"https:\/\/madrideasy.com\/blog\/wp-content\/uploads\/2022\/04\/Dia-de-la-Comunidad-de-Madrid.png 960w, https:\/\/madrideasy.com\/blog\/wp-content\/uploads\/2022\/04\/Dia-de-la-Comunidad-de-Madrid-300x200.png 300w, https:\/\/madrideasy.com\/blog\/wp-content\/uploads\/2022\/04\/Dia-de-la-Comunidad-de-Madrid-768x512.png 768w, https:\/\/madrideasy.com\/blog\/wp-content\/uploads\/2022\/04\/Dia-de-la-Comunidad-de-Madrid-350x233.png 350w, https:\/\/madrideasy.com\/blog\/wp-content\/uploads\/2022\/04\/Dia-de-la-Comunidad-de-Madrid-uai-720x480.png 720w\" sizes=\"(max-width: 960px) 100vw, 960px\" \/>\r\n<figcaption>Fuente: Pexel<\/figcaption>\r\n<\/figure>\r\n<\/div>\r\n\r\n\r\n\r\n<p>&nbsp;<\/p>\r\n\r\n\r\n\r\n<p>El 2 de Mayo es un d\u00eda importante en la Comunidad de Madrid ya que se conmemora <strong>el levantamiento de la poblaci\u00f3n contra la ocupaci\u00f3n francesa<\/strong>, como no, el 2 de Mayo de 1808.<\/p>\r\n\r\n\r\n\r\n<p><strong>Las celebraciones empiezan hoy, 29 de abril, y durar\u00e1n hasta el d\u00eda 2<\/strong> y, como cada a\u00f1o, son ofrecidas de manera totalmente gratuita por varias asociaciones y colectivos. Estas son algunas de las actividades que podr\u00e9is encontrar:<\/p>\r\n\r\n\r\n\r\n<h2 class=\"gb-headline gb-headline-130121f0 gb-headline-text\">Plaza del Dos de Mayo y Plaza de Comendadoras<\/h2>\r\n\r\n\r\n\r\n<p>Los asistentes m\u00e1s j\u00f3venes podr\u00e1n disfrutar en la <a href=\"https:\/\/goo.gl\/maps\/rNgsJFFD3uXuCnD9A\" target=\"_blank\" rel=\"noreferrer noopener\" data-type=\"URL\" data-id=\"https:\/\/goo.gl\/maps\/rNgsJFFD3uXuCnD9A\"><strong>Plaza del Dos de Mayo<\/strong><\/a> de varios talleres y actividades los d\u00edas 1 y 2 de mayo de 18 a 20 horas, as\u00ed como la yincana \u2018Detective por la Plaza\u2019 y certamen de pintura infantil r\u00e1pida que tendr\u00e1n lugar a las 12 y 14 horas, respectivamente.<\/p>\r\n\r\n\r\n\r\n<p>Estas dos plazas <strong>ser\u00e1n los epicentros de las fiestas con m\u00fasica en directo y actividades infantiles<\/strong> durante ambos d\u00edas.<\/p>\r\n\r\n\r\n\r\n<p>&nbsp;<\/p>\r\n\r\n\r\n\r\n<h2 class=\"gb-headline gb-headline-1c71f900 gb-headline-text\">Instalaci\u00f3n Deportiva Conde Duque<\/h2>\r\n\r\n\r\n\r\n<p>Aqu\u00ed tendr\u00e1 lugar un campeonato mixto de f\u00fatbol sala en el que participar\u00e1n varios equipos del distrito. Los partidos se jugar\u00e1n entre los d\u00edas 30 y 1, siendo esta segunda jornada a las 12 horas en la\u00a0IDB Conde Duque (Calle Santa Cruz de Marcenado, 21).<\/p>\r\n\r\n\r\n\r\n<p>&nbsp;<\/p>\r\n\r\n\r\n\r\n<h2 class=\"gb-headline gb-headline-f11ed47f gb-headline-text\">Otras actividades culturales para celebrar el d\u00eda de la Comunidad de Madrid<\/h2>\r\n\r\n\r\n\r\n<p><strong>El d\u00eda 29 de abril<\/strong> a las 20 horas en la <strong><a href=\"https:\/\/goo.gl\/maps\/KwtuNiqAskHbPzYX9\" target=\"_blank\" rel=\"noreferrer noopener\" data-type=\"URL\" data-id=\"https:\/\/goo.gl\/maps\/KwtuNiqAskHbPzYX9\">iglesia de San Antonio de los Alemanes<\/a> <\/strong>se llevar\u00e1 a cabo\u00a0\u2018Voces del barrio\u2019,\u00a0<strong>un recital <\/strong>organizado por la asociaci\u00f3n cultural Esto es pez.<\/p>\r\n\r\n\r\n\r\n<p><strong>El 30 de abril <\/strong> podr\u00e9is encontrar un <strong>pasacalles <\/strong>a las 12 horas a cargo de la\u00a0<strong>Banda de M\u00fasica del Conservatorio de Amaniel y de la Escuela de Canto<\/strong>, que partir\u00e1 desde la <a href=\"https:\/\/goo.gl\/maps\/kGGahJ3p4UP4KkB86\" target=\"_blank\" rel=\"noreferrer noopener\" data-type=\"URL\" data-id=\"https:\/\/goo.gl\/maps\/kGGahJ3p4UP4KkB86\">Calle de Amaniel, 2<\/a> y recorrer\u00e1 las plazas de las Comendadoras, de Guardias de Corps y Cristino Martos.<\/p>\r\n\r\n\r\n\r\n<p><strong>Otras actividades previstas para estas fiestas son:<\/strong><\/p>\r\n\r\n\r\n\r\n<ul class=\"wp-block-list\">\r\n<li>Ciclo de Cine \u2013 San Isidro 400 a\u00f1os<\/li>\r\n<li>Fiestas tradicionales en Brea del Tajo, Colmenar Viejo, El Molar y Morata de Taju\u00f1a<\/li>\r\n<li>Salas 2MADRIDENVIVO<\/li>\r\n<li>M\u00fasica al aire<\/li>\r\n<li>Madrid en Danza<\/li>\r\n<li>Sesi\u00f3n Verm\u00fa<\/li>\r\n<\/ul>\r\n\r\n\r\n<\/div>\r\n<\/div>\r\n<!-- \/vcwb\/dynamicElementComment:275007d8 --><\/div>\r\n<\/div>\r\n<\/div>\r\n<!-- \/vcwb\/dynamicElementComment:dde16c27 --><\/div>\r\n<\/div>\r\n<\/div>\r\n<!-- \/vcwb\/dynamicElementComment:8c1a222d --><!--vcv no format-->","protected":false},"excerpt":{"rendered":"<p>&nbsp; El 2 de Mayo es un d\u00eda importante en la Comunidad de Madrid ya que se conmemora el levantamiento [&hellip;]<\/p>\n","protected":false},"author":7,"featured_media":11671,"comment_status":"closed","ping_status":"closed","sticky":false,"template":"","format":"standard","meta":{"footnotes":""},"categories":[4],"tags":[],"class_list":["post-11669","post","type-post","status-publish","format-standard","has-post-thumbnail","hentry","category-vivir-estudiar-madrid"],"_links":{"self":[{"href":"https:\/\/madrideasy.com\/es\/blog\/wp-json\/wp\/v2\/posts\/11669","targetHints":{"allow":["GET"]}}],"collection":[{"href":"https:\/\/madrideasy.com\/es\/blog\/wp-json\/wp\/v2\/posts"}],"about":[{"href":"https:\/\/madrideasy.com\/es\/blog\/wp-json\/wp\/v2\/types\/post"}],"author":[{"embeddable":true,"href":"https:\/\/madrideasy.com\/es\/blog\/wp-json\/wp\/v2\/users\/7"}],"replies":[{"embeddable":true,"href":"https:\/\/madrideasy.com\/es\/blog\/wp-json\/wp\/v2\/comments?post=11669"}],"version-history":[{"count":2,"href":"https:\/\/madrideasy.com\/es\/blog\/wp-json\/wp\/v2\/posts\/11669\/revisions"}],"predecessor-version":[{"id":20743,"href":"https:\/\/madrideasy.com\/es\/blog\/wp-json\/wp\/v2\/posts\/11669\/revisions\/20743"}],"wp:featuredmedia":[{"embeddable":true,"href":"https:\/\/madrideasy.com\/es\/blog\/wp-json\/wp\/v2\/media\/11671"}],"wp:attachment":[{"href":"https:\/\/madrideasy.com\/es\/blog\/wp-json\/wp\/v2\/media?parent=11669"}],"wp:term":[{"taxonomy":"category","embeddable":true,"href":"https:\/\/madrideasy.com\/es\/blog\/wp-json\/wp\/v2\/categories?post=11669"},{"taxonomy":"post_tag","embeddable":true,"href":"https:\/\/madrideasy.com\/es\/blog\/wp-json\/wp\/v2\/tags?post=11669"}],"curies":[{"name":"wp","href":"https:\/\/api.w.org\/{rel}","templated":true}]}}