{"id":11688,"date":"2022-05-05T15:00:00","date_gmt":"2022-05-05T13:00:00","guid":{"rendered":"https:\/\/madrideasy.com\/blog\/?p=11688"},"modified":"2025-03-25T13:37:40","modified_gmt":"2025-03-25T12:37:40","slug":"dia-de-san-isidro-en-madrid","status":"publish","type":"post","link":"https:\/\/madrideasy.com\/es\/blog\/dia-de-san-isidro-en-madrid\/","title":{"rendered":"D\u00cdA DE SAN ISIDRO EN MADRID"},"content":{"rendered":"<!--vcv no format--><!-- vcwb\/dynamicElementComment:643d5d14 -->\r\n<div class=\"vce-row-container\" data-vce-boxed-width=\"true\">\r\n<div id=\"el-643d5d14\" class=\"vce-row vce-row--col-gap-30 vce-row-equal-height vce-row-content--top\" data-vce-do-apply=\"all el-643d5d14\">\r\n<div class=\"vce-row-content\" data-vce-element-content=\"true\"><!-- vcwb\/dynamicElementComment:a54893bb -->\r\n<div id=\"el-a54893bb\" class=\"vce-col vce-col--md-auto vce-col--xs-1 vce-col--xs-last vce-col--xs-first vce-col--sm-last vce-col--sm-first vce-col--md-last vce-col--lg-last vce-col--xl-last vce-col--md-first vce-col--lg-first vce-col--xl-first\">\r\n<div class=\"vce-col-inner\" data-vce-do-apply=\"border margin background  el-a54893bb\">\r\n<div class=\"vce-col-content\" data-vce-element-content=\"true\" data-vce-do-apply=\"padding el-a54893bb\"><!-- vcwb\/dynamicElementComment:0980616d -->\r\n<div class=\"vce-text-block\">\r\n<div id=\"el-0980616d\" class=\"vce-text-block-wrapper vce\" data-vce-do-apply=\"all el-0980616d\">\r\n<p><strong>El 15 de mayo se celebra la tradicional d\u00eda de San Isidro en Madrid.<\/strong> Como es tradici\u00f3n, <strong>el pueblo de Madrid acude a la ermita del santo para beber agua milagrosa<\/strong>, asistir <strong>a una misa<\/strong> popular y <strong>disfrutar de un agradable d\u00eda de fiesta en familia o amigos.<\/strong><\/p>\r\n\r\n\r\n\r\n<div class=\"wp-block-image\">\r\n<figure class=\"aligncenter size-full\"><img decoding=\"async\" width=\"782\" height=\"519\" class=\"wp-image-11689\" src=\"https:\/\/madrideasy.com\/blog\/wp-content\/uploads\/2022\/04\/San-Isidro.jpg\" alt=\"D\u00eda de San Isidro en Madrid\" srcset=\"https:\/\/madrideasy.com\/blog\/wp-content\/uploads\/2022\/04\/San-Isidro.jpg 782w, https:\/\/madrideasy.com\/blog\/wp-content\/uploads\/2022\/04\/San-Isidro-300x199.jpg 300w, https:\/\/madrideasy.com\/blog\/wp-content\/uploads\/2022\/04\/San-Isidro-768x510.jpg 768w, https:\/\/madrideasy.com\/blog\/wp-content\/uploads\/2022\/04\/San-Isidro-350x232.jpg 350w, https:\/\/madrideasy.com\/blog\/wp-content\/uploads\/2022\/04\/San-Isidro-uai-720x478.jpg 720w\" sizes=\"(max-width: 782px) 100vw, 782px\" \/>\r\n<figcaption>Fuente: TANDEM Madrid<\/figcaption>\r\n<\/figure>\r\n<\/div>\r\n\r\n\r\n\r\n<h2 class=\"gb-headline gb-headline-1dde356a gb-headline-text\">Pradera de San Isidro<\/h2>\r\n\r\n\r\n\r\n<p>Situado en el<a href=\"https:\/\/madrideasy.com\/blog\/barrios-san-isidro\/\" target=\"_blank\" rel=\"noreferrer noopener\" data-type=\"URL\" data-id=\"https:\/\/madrideasy.com\/blog\/barrios-san-isidro\/\"> <strong>barrio de San Isidro<\/strong><\/a>, se llena de visitantes que se mezclan con <strong>\u201cchulapos\u201d y \u201cchulapas\u201d<\/strong> estos eran los vecinos de Malasa\u00f1a<\/p>\r\n\r\n\r\n\r\n<p>Las mujeres de la zona eran mayormente floristas, cigarreras, modistas, lavanderas, etc. Trabajadoras con un estatus social bajo, estas llevan dos claveles en la cabeza y un pa\u00f1uelo blanco atado bajo la barbilla. Pocos saben lo que significan los colores del clavel: las mujeres casadas visten de rojo, las solteras de blanco, las comprometidas una roja y otra blanca, las viudas llevan tres, dos rojas y una blanca. Vest\u00edan con blusa blanca con mangas de farol, falda o vestido de lunares hasta los pies con un delantal, mo\u00f1o y mant\u00f3n con Manila.<\/p>\r\n\r\n\r\n\r\n<p>Los chulapos o reconocidos tambi\u00e9n como <strong>\u201cchisperos\u201d<\/strong> ya que muchos de ellos trabajaban en herrer\u00edas del barrio, estos vest\u00edan con un chaleco o chaqueta corta, una gorra de cuadros blanquinegros o solamente negra, con unos pantalones oscuros, pa\u00f1uelo blanco en el cuello y un claven en la solapa de la chaqueta \/ chaleco.<\/p>\r\n\r\n\r\n\r\n<div class=\"wp-block-image\">\r\n<figure class=\"aligncenter size-full\"><img decoding=\"async\" width=\"791\" height=\"526\" class=\"wp-image-11691\" src=\"https:\/\/madrideasy.com\/blog\/wp-content\/uploads\/2022\/04\/San-Isidro-2.jpg\" alt=\"D\u00eda de San Isidro en Madrid \r\n\" srcset=\"https:\/\/madrideasy.com\/blog\/wp-content\/uploads\/2022\/04\/San-Isidro-2.jpg 791w, https:\/\/madrideasy.com\/blog\/wp-content\/uploads\/2022\/04\/San-Isidro-2-300x199.jpg 300w, https:\/\/madrideasy.com\/blog\/wp-content\/uploads\/2022\/04\/San-Isidro-2-768x511.jpg 768w, https:\/\/madrideasy.com\/blog\/wp-content\/uploads\/2022\/04\/San-Isidro-2-350x233.jpg 350w\" sizes=\"(max-width: 791px) 100vw, 791px\" \/>\r\n<figcaption>Fuente: Picasa 2.7<\/figcaption>\r\n<\/figure>\r\n<\/div>\r\n\r\n\r\n\r\n<p>Todos ellos acuden hasta all\u00ed para disfrutar de un d\u00eda al aire libre lleno de varios conciertos, grandes comidas y un ambiente festivo que une cada rinc\u00f3n de la comunidad, principalmente se merienda rosquillas y limonada.<\/p>\r\n\r\n\r\n\r\n<p>&nbsp;<\/p>\r\n\r\n\r\n\r\n<h2 class=\"gb-headline gb-headline-3144f29d gb-headline-text\">El Jard\u00edn de las Vistillas<\/h2>\r\n\r\n\r\n\r\n<p>Se llena de gigantes, cabezudos y pasacalles que recorren todo este jard\u00edn, donde aparte de disfrutar estos espect\u00e1culos podr\u00e1s bailar el \u201cchotis\u201d una danza de car\u00e1cter europeo el cual se hizo muy popular entre los madrile\u00f1os en el siglo XIX. Tambi\u00e9n podr\u00e1s admirar el fascinante monumento en forma de fuente al escritor Ram\u00f3n G\u00f3mez de la Serna, la espectacular bas\u00edlica de San Francisco el Grande y el inolvidable Seminario Conciliar de Madrid.<\/p>\r\n\r\n\r\n\r\n<div class=\"wp-block-image\">\r\n<figure class=\"aligncenter size-full\"><img decoding=\"async\" width=\"960\" height=\"640\" class=\"wp-image-11718\" src=\"https:\/\/madrideasy.com\/blog\/wp-content\/uploads\/2022\/05\/8.jpg\" alt=\"\" srcset=\"https:\/\/madrideasy.com\/blog\/wp-content\/uploads\/2022\/05\/8.jpg 960w, https:\/\/madrideasy.com\/blog\/wp-content\/uploads\/2022\/05\/8-300x200.jpg 300w, https:\/\/madrideasy.com\/blog\/wp-content\/uploads\/2022\/05\/8-768x512.jpg 768w, https:\/\/madrideasy.com\/blog\/wp-content\/uploads\/2022\/05\/8-350x233.jpg 350w\" sizes=\"(max-width: 960px) 100vw, 960px\" \/>\r\n<figcaption>Fuente: Que! Madrid<\/figcaption>\r\n<\/figure>\r\n<\/div>\r\n\r\n\r\n\r\n<h2 class=\"wp-block-heading\">Museo de San Isidro<\/h2>\r\n\r\n\r\n\r\n<p>La historia de este Santo la tienes que conocer, por ello un plan espectacular y entretenido es visitar sus museos. Ubicado en el 2 de la Plaza de San Andr\u00e9s, se dice que es la casa donde vivi\u00f3 el propio San Isidro con el due\u00f1o Vergas. Hay tres exposiciones permanentes: dos de ellas sobre los or\u00edgenes de la ciudad de Madrid y una sobre la imagen de San Isidro. Participa en una demostraci\u00f3n de los primeros habitantes de la zona que dar\u00e1 de hace 15.000 a\u00f1os y admira los impresionantes restos de pinturas, esculturas, vidrios y mosaicos de la Villa romana Villaverde Bajo. Tambi\u00e9n puedes visitar el sitio donde se llevaron a cabo restos arqueol\u00f3gicos de muchas excavaciones.<\/p>\r\n\r\n\r\n\r\n<div class=\"wp-block-image\">\r\n<figure class=\"aligncenter size-full\"><img decoding=\"async\" width=\"960\" height=\"640\" class=\"wp-image-11719\" src=\"https:\/\/madrideasy.com\/blog\/wp-content\/uploads\/2022\/05\/9.jpg\" alt=\"\" srcset=\"https:\/\/madrideasy.com\/blog\/wp-content\/uploads\/2022\/05\/9.jpg 960w, https:\/\/madrideasy.com\/blog\/wp-content\/uploads\/2022\/05\/9-300x200.jpg 300w, https:\/\/madrideasy.com\/blog\/wp-content\/uploads\/2022\/05\/9-768x512.jpg 768w, https:\/\/madrideasy.com\/blog\/wp-content\/uploads\/2022\/05\/9-350x233.jpg 350w\" sizes=\"(max-width: 960px) 100vw, 960px\" \/>\r\n<figcaption>Fuente: Recuerdos de mi Mochila<\/figcaption>\r\n<\/figure>\r\n<\/div>\r\n\r\n\r\n\r\n<h2 class=\"wp-block-heading\">Plaza Mayor<\/h2>\r\n\r\n\r\n\r\n<p>esta ic\u00f3nica plaza dise\u00f1ada por el arquitecto Juan G\u00f3mez de Mora, se encuentra en las afueras de San Isidro antes de llamarse Plaza Mayor, m\u00e1s conocida como Plaza Alabar. Su uso previsto es como plaza de mercado con muchos puestos donde venden una gran variedad de comestibles. Durante estas fiestas encontrar\u00e1s multitud de puestos dedicados a los productos m\u00e1s representativos de la gastronom\u00eda madrile\u00f1a, como pueden ser las rosquillas de San Isidro, la emblem\u00e1tica limonada y todo lo que puedas imaginar. La noche del 15 de mayo no te pierdas el colof\u00f3n de las fiestas de San Isidro en la plaza con bailarines, cantantes y miembros del Teatro de la Zarzuela con un impresionante espect\u00e1culo a partir de las 22:00 horas<\/p>\r\n\r\n\r\n\r\n<div class=\"wp-block-image\">\r\n<figure class=\"aligncenter size-full is-resized\"><img decoding=\"async\" class=\"wp-image-11720\" src=\"https:\/\/madrideasy.com\/blog\/wp-content\/uploads\/2022\/05\/10.jpg\" alt=\"\" width=\"800\" height=\"533\" srcset=\"https:\/\/madrideasy.com\/blog\/wp-content\/uploads\/2022\/05\/10.jpg 960w, https:\/\/madrideasy.com\/blog\/wp-content\/uploads\/2022\/05\/10-300x200.jpg 300w, https:\/\/madrideasy.com\/blog\/wp-content\/uploads\/2022\/05\/10-768x512.jpg 768w, https:\/\/madrideasy.com\/blog\/wp-content\/uploads\/2022\/05\/10-350x233.jpg 350w\" sizes=\"(max-width: 800px) 100vw, 800px\" \/>\r\n<figcaption>Fuente: intu Xanad\u00fa<\/figcaption>\r\n<\/figure>\r\n<\/div>\r\n\r\n\r\n\r\n<p>Son unos d\u00edas magn\u00edficos donde podr\u00e1s pasear, disfrutar en familia o con amigos y apreciar la gran cultura madrile\u00f1a.<\/p>\r\n<\/div>\r\n<\/div>\r\n<!-- \/vcwb\/dynamicElementComment:0980616d --><\/div>\r\n<\/div>\r\n<\/div>\r\n<!-- \/vcwb\/dynamicElementComment:a54893bb --><\/div>\r\n<\/div>\r\n<\/div>\r\n<!-- \/vcwb\/dynamicElementComment:643d5d14 --><!--vcv no format-->","protected":false},"excerpt":{"rendered":"<p>El 15 de mayo se celebra la tradicional d\u00eda de San Isidro en Madrid. Como es tradici\u00f3n, el pueblo de [&hellip;]<\/p>\n","protected":false},"author":7,"featured_media":11689,"comment_status":"closed","ping_status":"closed","sticky":false,"template":"","format":"standard","meta":{"footnotes":""},"categories":[4],"tags":[93],"class_list":["post-11688","post","type-post","status-publish","format-standard","has-post-thumbnail","hentry","category-vivir-estudiar-madrid","tag-san-isidro"],"_links":{"self":[{"href":"https:\/\/madrideasy.com\/es\/blog\/wp-json\/wp\/v2\/posts\/11688","targetHints":{"allow":["GET"]}}],"collection":[{"href":"https:\/\/madrideasy.com\/es\/blog\/wp-json\/wp\/v2\/posts"}],"about":[{"href":"https:\/\/madrideasy.com\/es\/blog\/wp-json\/wp\/v2\/types\/post"}],"author":[{"embeddable":true,"href":"https:\/\/madrideasy.com\/es\/blog\/wp-json\/wp\/v2\/users\/7"}],"replies":[{"embeddable":true,"href":"https:\/\/madrideasy.com\/es\/blog\/wp-json\/wp\/v2\/comments?post=11688"}],"version-history":[{"count":3,"href":"https:\/\/madrideasy.com\/es\/blog\/wp-json\/wp\/v2\/posts\/11688\/revisions"}],"predecessor-version":[{"id":20938,"href":"https:\/\/madrideasy.com\/es\/blog\/wp-json\/wp\/v2\/posts\/11688\/revisions\/20938"}],"wp:featuredmedia":[{"embeddable":true,"href":"https:\/\/madrideasy.com\/es\/blog\/wp-json\/wp\/v2\/media\/11689"}],"wp:attachment":[{"href":"https:\/\/madrideasy.com\/es\/blog\/wp-json\/wp\/v2\/media?parent=11688"}],"wp:term":[{"taxonomy":"category","embeddable":true,"href":"https:\/\/madrideasy.com\/es\/blog\/wp-json\/wp\/v2\/categories?post=11688"},{"taxonomy":"post_tag","embeddable":true,"href":"https:\/\/madrideasy.com\/es\/blog\/wp-json\/wp\/v2\/tags?post=11688"}],"curies":[{"name":"wp","href":"https:\/\/api.w.org\/{rel}","templated":true}]}}