{"id":8102,"date":"2021-07-23T17:50:12","date_gmt":"2021-07-23T15:50:12","guid":{"rendered":"https:\/\/madrideasy.com\/blog\/?p=8102"},"modified":"2025-03-14T11:09:48","modified_gmt":"2025-03-14T10:09:48","slug":"alquiler-de-pisos-en-madrid-renta-media-2t21","status":"publish","type":"post","link":"https:\/\/madrideasy.com\/es\/blog\/alquiler-de-pisos-en-madrid-renta-media-2t21\/","title":{"rendered":"Alquiler de pisos en Madrid: renta media por habitaci\u00f3n 2\u00ba Tr. 2021"},"content":{"rendered":"<!--vcv no format--><!-- vcwb\/dynamicElementComment:2dc23ab2 -->\r\n<div class=\"vce-row-container\" data-vce-boxed-width=\"true\">\r\n<div id=\"el-2dc23ab2\" class=\"vce-row vce-row--col-gap-30 vce-row-equal-height vce-row-content--top\" data-vce-do-apply=\"all el-2dc23ab2\">\r\n<div class=\"vce-row-content\" data-vce-element-content=\"true\"><!-- vcwb\/dynamicElementComment:c04d4a92 -->\r\n<div id=\"el-c04d4a92\" class=\"vce-col vce-col--md-auto vce-col--xs-1 vce-col--xs-last vce-col--xs-first vce-col--sm-last vce-col--sm-first vce-col--md-last vce-col--lg-last vce-col--xl-last vce-col--md-first vce-col--lg-first vce-col--xl-first\">\r\n<div class=\"vce-col-inner\" data-vce-do-apply=\"border margin background  el-c04d4a92\">\r\n<div class=\"vce-col-content\" data-vce-element-content=\"true\" data-vce-do-apply=\"padding el-c04d4a92\"><!-- vcwb\/dynamicElementComment:38ea92bf -->\r\n<div class=\"vce-text-block\">\r\n<div id=\"el-38ea92bf\" class=\"vce-text-block-wrapper vce\" data-vce-do-apply=\"all el-38ea92bf\">\r\n<div class=\"wp-block-image\">\r\n<figure class=\"aligncenter size-large is-resized\"><img decoding=\"async\" class=\"wp-image-8114\" src=\"https:\/\/madrideasy.com\/blog\/wp-content\/uploads\/2021\/07\/trimestre2-619x1024.png\" alt=\"alquiler de pisos en madrid\" width=\"619\" height=\"1024\" \/>\r\n<figcaption>Fuente: Dpto. <a href=\"https:\/\/www.linkedin.com\/company\/818653\/admin\/\">An\u00e1lisis MadridEasy<\/a><\/figcaption>\r\n<\/figure>\r\n<\/div>\r\n\r\n\r\n\r\n<h3 class=\"gb-headline gb-headline-d14e8e77 gb-headline-text\">Alquiler de pisos en Madrid: renta media por habitaci\u00f3n segundo trimestre 2021<\/h3>\r\n\r\n\r\n\r\n<p class=\"has-drop-cap\">Al igual que en el <a class=\"rank-math-link\" href=\"https:\/\/madrideasy.com\/blog\/renta-media-del-primer-trimestre-de-2019-2020-2021\/\">trimestre anterior<\/a>, el <strong>Departamento de An\u00e1lisis de MadridEasy<\/strong> nos proporciona un an\u00e1lisis del comportamiento de la renta media por habitaci\u00f3n en el alquiler de pisos en Madrid, especialmente focalizado en la periferia. Como ya se anunciaba en los informes sobre el primer trimestre de 2021, el <strong>precio medio de alquiler por habitaci\u00f3n<\/strong> en la periferia de Madrid sigui\u00f3 en descenso durante el segundo trimestre de 2021.<\/p>\r\n\r\n\r\n\r\n<p>La cifra se ha mantenido en torno a los<strong> 350<\/strong> <strong>euros\/mes<\/strong>, lo que implica un ligero descenso a la mantenida en el trimestre anterior de 2021. En los meses de Enero, Febrero y Marzo de 2021, el precio medio del alquiler por habitaci\u00f3n estaba en los <strong>357 euros\/mes<\/strong>.<\/p>\r\n\r\n\r\n\r\n<p>La dificultades presentadas en la movilidad internacional y, en menor medida, en la nacional, explican esta reducci\u00f3n de la renta media por habitaci\u00f3n. Por una parte, el volumen de estudiantes durante ese periodo ha seguido siendo bajo. Por la otra, y a\u00f1adido a lo anterior, la b\u00fasqueda de \u00abseguridad\u00bb y la percepci\u00f3n de que compartir piso con conocidos era m\u00e1s seguro, explican que la opci\u00f3n de alquilar habitaci\u00f3n en piso compartido pase a un segundo plano frente a la de alquilar un piso completo con un entorno de confianza o con personas de un c\u00edrculo cercano.<\/p>\r\n\r\n\r\n\r\n<p>No podemos olvidar que este fen\u00f3meno se encuentra enmarcado en un tono general de descenso de precios del alquiler como nos muestra un reciente informe de <a class=\"rank-math-link\" href=\"https:\/\/www.idealista.com\/news\/inmobiliario\/vivienda\/2021\/06\/29\/791181-el-precio-del-alquiler-baja-un-5-6-interanual-en-junio-moderando-las-caidas#xts=582065&amp;xtor=EPR-1059-%5Bnews_daily_20210630%5D-20210630-%5Bm-01-titular-node_791181%5D-72432371401@3\"><strong>Idealista<\/strong><\/a>. Seg\u00fan este documento, los precios del <strong>alquiler de pisos en Madrid descendieron un 0,5%<\/strong> en el periodo de referencia, profundiz\u00e1ndose esta ca\u00edda hasta un 12.4% interanual.<\/p>\r\n\r\n\r\n\r\n<p>En el caso del <strong>precio medio de alquiler por habitaci\u00f3n<\/strong> en la periferia de los pisos gestionados por MadridEasy, <strong>la variaci\u00f3n se aleja mucho de la media interanual de la Comunidad de Madrid<\/strong> presentando un descenso del 1,18% respecto al mismo trimestre del a\u00f1o anterior. Esta evoluci\u00f3n parece indicar que estamos entrando en un periodo de estabilizaci\u00f3n en los precios, antesala de una posible recuperaci\u00f3n.<\/p>\r\n\r\n\r\n<\/div>\r\n<\/div>\r\n<!-- \/vcwb\/dynamicElementComment:38ea92bf --><\/div>\r\n<\/div>\r\n<\/div>\r\n<!-- \/vcwb\/dynamicElementComment:c04d4a92 --><\/div>\r\n<\/div>\r\n<\/div>\r\n<!-- \/vcwb\/dynamicElementComment:2dc23ab2 --><!--vcv no format-->","protected":false},"excerpt":{"rendered":"<p>Al igual que en el trimestre anterior, el Departamento de An\u00e1lisis de MadridEasy nos proporciona un an\u00e1lisis del comportamiento de [&hellip;]<\/p>\n","protected":false},"author":7,"featured_media":8163,"comment_status":"closed","ping_status":"open","sticky":false,"template":"","format":"standard","meta":{"footnotes":""},"categories":[3],"tags":[],"class_list":["post-8102","post","type-post","status-publish","format-standard","has-post-thumbnail","hentry","category-alquiler-inversion"],"_links":{"self":[{"href":"https:\/\/madrideasy.com\/es\/blog\/wp-json\/wp\/v2\/posts\/8102","targetHints":{"allow":["GET"]}}],"collection":[{"href":"https:\/\/madrideasy.com\/es\/blog\/wp-json\/wp\/v2\/posts"}],"about":[{"href":"https:\/\/madrideasy.com\/es\/blog\/wp-json\/wp\/v2\/types\/post"}],"author":[{"embeddable":true,"href":"https:\/\/madrideasy.com\/es\/blog\/wp-json\/wp\/v2\/users\/7"}],"replies":[{"embeddable":true,"href":"https:\/\/madrideasy.com\/es\/blog\/wp-json\/wp\/v2\/comments?post=8102"}],"version-history":[{"count":2,"href":"https:\/\/madrideasy.com\/es\/blog\/wp-json\/wp\/v2\/posts\/8102\/revisions"}],"predecessor-version":[{"id":20770,"href":"https:\/\/madrideasy.com\/es\/blog\/wp-json\/wp\/v2\/posts\/8102\/revisions\/20770"}],"wp:featuredmedia":[{"embeddable":true,"href":"https:\/\/madrideasy.com\/es\/blog\/wp-json\/wp\/v2\/media\/8163"}],"wp:attachment":[{"href":"https:\/\/madrideasy.com\/es\/blog\/wp-json\/wp\/v2\/media?parent=8102"}],"wp:term":[{"taxonomy":"category","embeddable":true,"href":"https:\/\/madrideasy.com\/es\/blog\/wp-json\/wp\/v2\/categories?post=8102"},{"taxonomy":"post_tag","embeddable":true,"href":"https:\/\/madrideasy.com\/es\/blog\/wp-json\/wp\/v2\/tags?post=8102"}],"curies":[{"name":"wp","href":"https:\/\/api.w.org\/{rel}","templated":true}]}}