{"id":8167,"date":"2021-07-26T14:20:42","date_gmt":"2021-07-26T12:20:42","guid":{"rendered":"https:\/\/madrideasy.com\/blog\/?p=8167"},"modified":"2025-03-25T12:28:25","modified_gmt":"2025-03-25T11:28:25","slug":"una-razon-mas-para-estudiar-en-madrid","status":"publish","type":"post","link":"https:\/\/madrideasy.com\/es\/blog\/una-razon-mas-para-estudiar-en-madrid\/","title":{"rendered":"M\u00e1s razones para estudiar en Madrid en 2022"},"content":{"rendered":"<!--vcv no format--><!-- vcwb\/dynamicElementComment:9bf14c09 -->\r\n<div class=\"vce-row-container\" data-vce-boxed-width=\"true\">\r\n<div id=\"el-9bf14c09\" class=\"vce-row vce-row--col-gap-30 vce-row-equal-height vce-row-content--top\" data-vce-do-apply=\"all el-9bf14c09\">\r\n<div class=\"vce-row-content\" data-vce-element-content=\"true\"><!-- vcwb\/dynamicElementComment:259fc04c -->\r\n<div id=\"el-259fc04c\" class=\"vce-col vce-col--md-auto vce-col--xs-1 vce-col--xs-last vce-col--xs-first vce-col--sm-last vce-col--sm-first vce-col--md-last vce-col--lg-last vce-col--xl-last vce-col--md-first vce-col--lg-first vce-col--xl-first\">\r\n<div class=\"vce-col-inner\" data-vce-do-apply=\"border margin background  el-259fc04c\">\r\n<div class=\"vce-col-content\" data-vce-element-content=\"true\" data-vce-do-apply=\"padding el-259fc04c\"><!-- vcwb\/dynamicElementComment:78738622 -->\r\n<div class=\"vce-text-block\">\r\n<div id=\"el-78738622\" class=\"vce-text-block-wrapper vce\" data-vce-do-apply=\"all el-78738622\">\r\n<figure class=\"wp-block-image size-large\"><img decoding=\"async\" width=\"960\" height=\"640\" class=\"wp-image-8198\" src=\"https:\/\/madrideasy.com\/blog\/wp-content\/uploads\/2021\/07\/Diseno-sin-titulo-14-1.jpg\" alt=\"estudiar en Madrid\" srcset=\"https:\/\/madrideasy.com\/blog\/wp-content\/uploads\/2021\/07\/Diseno-sin-titulo-14-1.jpg 960w, https:\/\/madrideasy.com\/blog\/wp-content\/uploads\/2021\/07\/Diseno-sin-titulo-14-1-300x200.jpg 300w, https:\/\/madrideasy.com\/blog\/wp-content\/uploads\/2021\/07\/Diseno-sin-titulo-14-1-768x512.jpg 768w, https:\/\/madrideasy.com\/blog\/wp-content\/uploads\/2021\/07\/Diseno-sin-titulo-14-1-350x233.jpg 350w, https:\/\/madrideasy.com\/blog\/wp-content\/uploads\/2021\/07\/Diseno-sin-titulo-14-1-uai-720x480.jpg 720w\" sizes=\"(max-width: 960px) 100vw, 960px\" \/>\r\n<figcaption>Foto: Imagen de\u00a0Jos\u00e9 Manuel de La\u00e1\u00a0en\u00a0Pixabay<\/figcaption>\r\n<\/figure>\r\n\r\n\r\n\r\n<h2 class=\"gb-headline gb-headline-22e60792 gb-headline-text\">El \u00abPaisaje de la Luz\u00bb entra en el cat\u00e1logo de Patrimonio Mundial de la Humanidad<\/h2>\r\n\r\n\r\n\r\n<p class=\"has-drop-cap\"><strong>Estudiar en Madrid<\/strong> tiene un argumento m\u00e1s desde este domingo veinticinco de julio. En entradas anteriores ya os hemos contado la posici\u00f3n que ocupan las universidades de Madrid y los centros de formaci\u00f3n madrile\u00f1os en los <strong><a class=\"rank-math-link\" href=\"https:\/\/madrideasy.com\/blog\/universidades-de-madrid-rankings\/\">rankings internacionales<\/a>.<\/strong> Tambi\u00e9n os hemos comentado c\u00f3mo <a class=\"rank-math-link\" href=\"https:\/\/madrideasy.com\/blog\/estudiar-derecho-en-madrid-alojamientos\/\">los grandes despachos de abogados<\/a> centralizan su contrataci\u00f3n en los estudiantes que realizan su grado o su m\u00e1ster en las universidades y centros madrile\u00f1os. \u00a1 Hasta os <a class=\"rank-math-link\" href=\"https:\/\/madrideasy.com\/blog\/razones-estudiar-en-universidades-en-madrid\/\">hemos dado algunos argumentos<\/a> que os ayuden a decidir estudiar en Madrid !<\/p>\r\n\r\n\r\n\r\n<p>Desde el domingo veinticinco de julio, la capital de Espa\u00f1a, <strong>Madrid, se estrena en la lista de<\/strong> las ciudades que tienen este tipo de reconocimiento y se incorpora a los cuatro <strong>lugares patrimonio de la humanidad <\/strong>con los que ya contaba la Comunidad Aut\u00f3noma de Madrid: <strong><a class=\"rank-math-link\" href=\"https:\/\/es.unesco.org\/themes\/patrimonio-mundial\">El Escorial, Alcal\u00e1 de Henares, el Hayedo de Montejo y Aranjuez.<\/a> <\/strong><\/p>\r\n\r\n\r\n\r\n<p>Lo hace a trav\u00e9s del denominado &#8216;Paisaje de la luz&#8217; que incluye el\u00a0<strong>Paseo del Prado (entre la plaza de Cibeles y la de Carlos V<\/strong>), el parque de\u00a0<strong>El Retiro<\/strong>, y el barrio de los Jer\u00f3nimos.<\/p>\r\n\r\n\r\n\r\n<p>Est\u00e1 ubicado en el coraz\u00f3n de Madrid y <strong>cuenta con una superficie de 190 hect\u00e1reas<\/strong>, de las que el 75% son espacios verdes. Es la primera vez que se presenta al comit\u00e9 responsable de declarar patrimonio de la humanidad un espacio verde urbano. La decisi\u00f3n afecta al barrio de <strong><a class=\"rank-math-link\" href=\"https:\/\/madrideasy.com\/blog\/barrios-jeronimos\/\">los Jer\u00f3nimos<\/a><\/strong> y, en menor medida, al <strong><a class=\"rank-math-link\" href=\"https:\/\/madrideasy.com\/blog\/barrios-las-letras-cortes\/\">barrio de las Letras<\/a><\/strong>. Barrios cercanos a este nuevo patrimonio de la humanidad son <strong><a class=\"rank-math-link\" href=\"https:\/\/madrideasy.com\/blog\/barrios-atocha\/\">Atocha<\/a>, <a class=\"rank-math-link\" href=\"https:\/\/madrideasy.com\/blog\/barrios-pacifico\/\">Pac\u00edfico<\/a>, <a class=\"rank-math-link\" href=\"https:\/\/madrideasy.com\/blog\/barrios-nino-jesus\/\">Ni\u00f1o Jes\u00fas<\/a> o <a class=\"rank-math-link\" href=\"https:\/\/madrideasy.com\/blog\/barrios-ibiza\/\">Ibiza<\/a><\/strong>, muchos de ellos utilizados por los estudiantes internacionales para encontrar alojamiento por su cercan\u00eda, entres otras cuestiones, a la estaci\u00f3n de Atocha y su buena conexi\u00f3n con el aeropuerto de Madrid-Barajas.<\/p>\r\n\r\n\r\n\r\n<p>La zona incorpora m\u00e1s de veinti\u00fan bienes declarados de inter\u00e9s cultural entre los que podemos encontrar muchos de los edificios y lugares emblem\u00e1ticos de la ciudad (Museo del Prado, Museo Naval, la RAE, etc.), los hoteles m\u00e1s hist\u00f3ricos y lujosos (Palace, Ritz) y tambi\u00e9n a algunas escuelas madrile\u00f1as punteras en el estudio de la finanzas como es el <strong><a class=\"rank-math-link\" href=\"https:\/\/madrideasy.com\/blog\/instituciones-otras-entidades-ieb\/\">Instituto de Estudios Burs\u00e1tiles (IEB)<\/a>.<\/strong><\/p>\r\n\r\n\r\n\r\n<p>Sin duda, desde este a\u00f1o 2021, todos aquellos que quieran estudiar en Madrid tendr\u00e1n un aliciente y un argumento m\u00e1s.<\/p>\r\n<\/div>\r\n<\/div>\r\n<!-- \/vcwb\/dynamicElementComment:78738622 --><\/div>\r\n<\/div>\r\n<\/div>\r\n<!-- \/vcwb\/dynamicElementComment:259fc04c --><\/div>\r\n<\/div>\r\n<\/div>\r\n<!-- \/vcwb\/dynamicElementComment:9bf14c09 --><!--vcv no format-->","protected":false},"excerpt":{"rendered":"<p>Estudiar en Madrid tiene un argumento m\u00e1s desde este domingo veinticinco de julio. En entradas anteriores ya os hemos contado [&hellip;]<\/p>\n","protected":false},"author":7,"featured_media":8198,"comment_status":"closed","ping_status":"open","sticky":false,"template":"","format":"standard","meta":{"footnotes":""},"categories":[4],"tags":[],"class_list":["post-8167","post","type-post","status-publish","format-standard","has-post-thumbnail","hentry","category-vivir-estudiar-madrid"],"_links":{"self":[{"href":"https:\/\/madrideasy.com\/es\/blog\/wp-json\/wp\/v2\/posts\/8167","targetHints":{"allow":["GET"]}}],"collection":[{"href":"https:\/\/madrideasy.com\/es\/blog\/wp-json\/wp\/v2\/posts"}],"about":[{"href":"https:\/\/madrideasy.com\/es\/blog\/wp-json\/wp\/v2\/types\/post"}],"author":[{"embeddable":true,"href":"https:\/\/madrideasy.com\/es\/blog\/wp-json\/wp\/v2\/users\/7"}],"replies":[{"embeddable":true,"href":"https:\/\/madrideasy.com\/es\/blog\/wp-json\/wp\/v2\/comments?post=8167"}],"version-history":[{"count":2,"href":"https:\/\/madrideasy.com\/es\/blog\/wp-json\/wp\/v2\/posts\/8167\/revisions"}],"predecessor-version":[{"id":20885,"href":"https:\/\/madrideasy.com\/es\/blog\/wp-json\/wp\/v2\/posts\/8167\/revisions\/20885"}],"wp:featuredmedia":[{"embeddable":true,"href":"https:\/\/madrideasy.com\/es\/blog\/wp-json\/wp\/v2\/media\/8198"}],"wp:attachment":[{"href":"https:\/\/madrideasy.com\/es\/blog\/wp-json\/wp\/v2\/media?parent=8167"}],"wp:term":[{"taxonomy":"category","embeddable":true,"href":"https:\/\/madrideasy.com\/es\/blog\/wp-json\/wp\/v2\/categories?post=8167"},{"taxonomy":"post_tag","embeddable":true,"href":"https:\/\/madrideasy.com\/es\/blog\/wp-json\/wp\/v2\/tags?post=8167"}],"curies":[{"name":"wp","href":"https:\/\/api.w.org\/{rel}","templated":true}]}}